{"id":1,"date":"2024-05-08T11:13:10","date_gmt":"2024-05-08T11:13:10","guid":{"rendered":"https:\/\/sindihoteistb.com.br\/?p=1"},"modified":"2024-05-16T13:56:35","modified_gmt":"2024-05-16T13:56:35","slug":"hello-world","status":"publish","type":"post","link":"https:\/\/sindihoteistb.com.br\/?p=1","title":{"rendered":"Chapa \u00fanica traz gestor do Ref\u00fagio das Curucacas para o cargo de presidenteello world!"},"content":{"rendered":"\n<p>A Ag\u00eancia de Desenvolvimento do Turismo dos Campos Gerais (AdeTur) realiza na ter\u00e7a-feira (6\/12) a assembleia de elei\u00e7\u00e3o de sua nova diretoria para a gest\u00e3o 2022\/2024.<\/p>\n\n\n\n<p>Guilherme Forbeck, gestor do Ref\u00fagio das Curucacas Ecoturismo em Ponta Grossa, encabe\u00e7a a chapa \u00fanica para o cargo de presidente. Acompanham ele \u00c1lvaro Fernandes Dias Filho, gestor do Buraco do Padre para diretor administrativo, e Cl\u00e1udio Osvaldo de Souza, do Quinta o Girassol de Ipiranga, como diretor financeiro.<\/p>\n\n\n\n<p>No conselho fiscal, a chapa traz Ana Paula Queiroz Vieira do Centro de Lazer Bela Vista de Seng\u00e9s, Jo\u00e3o Maria Fermino dos Santos, articulador regional e residente de Tel\u00eamaco Borba, Luis Alfredo Leite do Cercado Ecoturismo Chal\u00e9 Ecol\u00f3gico de Palmeira e Wagnilda Minasi da Bird Eventos.<\/p>\n\n\n\n<p>A assembleia de elei\u00e7\u00e3o ser\u00e1 online a partir das 15h30 em primeira convoca\u00e7\u00e3o e em segunda chamada \u00e0s 16h. Os associados podem se inscrever para votar no site sympla.com.br\/adeturcamposgerais.<\/p>\n\n\n\n<p>Wagnilda Minasi, atual presidente, parabeniza a chapa. \u201cTenho certeza, quem assumir a AdeTur, far\u00e1 isso com amor a causa pensando em nosso turismo e qu\u00e3o grande ele \u00e9. Foram dois anos de muito trabalho, reconstru\u00e7\u00e3o e parcerias com os atuais diretores e o administrativo e que ter\u00e1 continuidade brilhante\u201d.<\/p>\n\n\n\n<p>A AdeTur Campos Gerais \u00e9 uma inst\u00e2ncia de governan\u00e7a e representa as regi\u00f5es tur\u00edsticas junto ao Minist\u00e9rio do Turismo, portanto, para a cidade aparecer no Mapa do Turismo Brasileiro \u00e9 preciso estar associada \u00e0 Ag\u00eancia.<\/p>\n\n\n\n<p>FONTE: <a href=\"https:\/\/www.camposgeraisdoparana.com.br\/\">https:\/\/www.camposgeraisdoparana.com.br\/<\/a><\/p>\n","protected":false},"excerpt":{"rendered":"<p>A Ag\u00eancia de Desenvolvimento do Turismo dos Campos Gerais (AdeTur) realiza na ter\u00e7a-feira (6\/12) a assembleia de elei\u00e7\u00e3o de sua nova diretoria para a gest\u00e3o 2022\/2024. Guilherme Forbeck, gestor do Ref\u00fagio das Curucacas Ecoturismo em Ponta Grossa, encabe\u00e7a a chapa \u00fanica para o cargo de presidente. Acompanham ele \u00c1lvaro Fernandes Dias Filho, gestor do Buraco [&hellip;]<\/p>\n","protected":false},"author":1,"featured_media":130,"comment_status":"open","ping_status":"open","sticky":false,"template":"","format":"standard","meta":{"_joinchat":[],"footnotes":""},"categories":[6],"tags":[],"parceiros":[],"class_list":["post-1","post","type-post","status-publish","format-standard","has-post-thumbnail","hentry","category-tursimo"],"_links":{"self":[{"href":"https:\/\/sindihoteistb.com.br\/index.php?rest_route=\/wp\/v2\/posts\/1","targetHints":{"allow":["GET"]}}],"collection":[{"href":"https:\/\/sindihoteistb.com.br\/index.php?rest_route=\/wp\/v2\/posts"}],"about":[{"href":"https:\/\/sindihoteistb.com.br\/index.php?rest_route=\/wp\/v2\/types\/post"}],"author":[{"embeddable":true,"href":"https:\/\/sindihoteistb.com.br\/index.php?rest_route=\/wp\/v2\/users\/1"}],"replies":[{"embeddable":true,"href":"https:\/\/sindihoteistb.com.br\/index.php?rest_route=%2Fwp%2Fv2%2Fcomments&post=1"}],"version-history":[{"count":2,"href":"https:\/\/sindihoteistb.com.br\/index.php?rest_route=\/wp\/v2\/posts\/1\/revisions"}],"predecessor-version":[{"id":131,"href":"https:\/\/sindihoteistb.com.br\/index.php?rest_route=\/wp\/v2\/posts\/1\/revisions\/131"}],"wp:featuredmedia":[{"embeddable":true,"href":"https:\/\/sindihoteistb.com.br\/index.php?rest_route=\/wp\/v2\/media\/130"}],"wp:attachment":[{"href":"https:\/\/sindihoteistb.com.br\/index.php?rest_route=%2Fwp%2Fv2%2Fmedia&parent=1"}],"wp:term":[{"taxonomy":"category","embeddable":true,"href":"https:\/\/sindihoteistb.com.br\/index.php?rest_route=%2Fwp%2Fv2%2Fcategories&post=1"},{"taxonomy":"post_tag","embeddable":true,"href":"https:\/\/sindihoteistb.com.br\/index.php?rest_route=%2Fwp%2Fv2%2Ftags&post=1"},{"taxonomy":"parceiros","embeddable":true,"href":"https:\/\/sindihoteistb.com.br\/index.php?rest_route=%2Fwp%2Fv2%2Fparceiros&post=1"}],"curies":[{"name":"wp","href":"https:\/\/api.w.org\/{rel}","templated":true}]}}